{"id":1555,"date":"2026-01-02T11:58:56","date_gmt":"2026-01-02T11:58:56","guid":{"rendered":"https:\/\/the-challenge.ch\/supplement-masterplan\/"},"modified":"2026-01-02T12:08:57","modified_gmt":"2026-01-02T12:08:57","slug":"supplement-masterplan","status":"publish","type":"post","link":"https:\/\/the-challenge.ch\/fr\/supplement-masterplan\/","title":{"rendered":"Suppl\u00e9ment-Masterplan"},"content":{"rendered":"\n<h2 class=\"wp-block-heading\"><strong>R\u00e9sum\u00e9 de gestion<\/strong><\/h2>\n\n<p>Ce plan directeur de suppl\u00e9ments s&rsquo;adresse aux athl\u00e8tes d&rsquo;endurance plus \u00e2g\u00e9s qui s&rsquo;entra\u00eenent r\u00e9guli\u00e8rement et souhaitent maintenir ou am\u00e9liorer leurs performances \u00e0 long terme de mani\u00e8re cibl\u00e9e. L&rsquo;accent n&rsquo;est pas mis sur les effets \u00e0 court terme, mais sur une approche structur\u00e9e et durable. <\/p>\n\n<p>Le plan repose sur quatre piliers d&rsquo;\u00e9gale importance : <strong>\u00e9nergie, performance, r\u00e9cup\u00e9ration et stabilit\u00e9 mentale<\/strong>. La r\u00e9g\u00e9n\u00e9ration en particulier joue un r\u00f4le central, car l&rsquo;adaptation de l&rsquo;entra\u00eenement, le d\u00e9veloppement des performances et la pr\u00e9vention des blessures ne se font pas pendant l&rsquo;effort, mais pendant la r\u00e9cup\u00e9ration. <\/p>\n\n<p>Les compl\u00e9ments alimentaires utilis\u00e9s sont volontairement r\u00e9duits \u00e0 quelques substances actives bien \u00e9tablies. Ils ne sont pas consid\u00e9r\u00e9s isol\u00e9ment, mais comme un syst\u00e8me coordonn\u00e9 qui diff\u00e8re selon la phase d&rsquo;entra\u00eenement. Les semaines d&rsquo;entra\u00eenement normales, les phases intensives et la pr\u00e9paration \u00e0 la comp\u00e9tition n\u00e9cessitent des priorit\u00e9s et des dosages diff\u00e9rents.  <\/p>\n\n<p>Une attention particuli\u00e8re est accord\u00e9e \u00e0 la <strong>phase de comp\u00e9tition<\/strong>: les substances favorisant la r\u00e9cup\u00e9ration, telles que la curcumine, sont r\u00e9duites ou arr\u00eat\u00e9es \u00e0 temps, tandis que les suppl\u00e9ments essentiels \u00e0 la performance, tels que la b\u00eata-alanine, sont d\u00e9velopp\u00e9s \u00e0 temps. L&rsquo;objectif est de garantir une performance maximale le jour de la comp\u00e9tition sans intervention inutile. <\/p>\n\n<p>Le Masterplan n&rsquo;est pas un sch\u00e9ma rigide, mais une aide \u00e0 l&rsquo;orientation pratique. Il doit permettre aux athl\u00e8tes d&rsquo;utiliser les suppl\u00e9ments de mani\u00e8re cibl\u00e9e, consciente et en accord avec l&rsquo;entra\u00eenement, la r\u00e9cup\u00e9ration et la tol\u00e9rance individuelle. <\/p>\n\n<h2 class=\"wp-block-heading\">Pourquoi les suppl\u00e9ments jouent-ils un r\u00f4le important dans les sports d&rsquo;endurance ?<\/h2>\n\n<p>Le corps d&rsquo;un athl\u00e8te d&rsquo;endurance travaille en permanence. Chaque heure d&rsquo;entra\u00eenement g\u00e9n\u00e8re des microl\u00e9sions dans les muscles, sollicite le syst\u00e8me immunitaire et met le c\u0153ur et le m\u00e9tabolisme \u00e0 rude \u00e9preuve. Avec l&rsquo;\u00e2ge, les temps de r\u00e9cup\u00e9ration s&rsquo;allongent et le corps est plus sensible au stress, au manque de sommeil et \u00e0 la surcharge. Les compl\u00e9ments alimentaires peuvent aider \u00e0 att\u00e9nuer ces contraintes, \u00e0 soutenir la r\u00e9g\u00e9n\u00e9ration et \u00e0 augmenter ou du moins \u00e0 maintenir les performances \u00e0 long terme.   <\/p>\n\n<h1 class=\"wp-block-heading\">Les principaux compl\u00e9ments<\/h1>\n\n<h2 class=\"wp-block-heading\">Om\u00e9ga-3<\/h2>\n\n<p>Les acides gras om\u00e9ga-3 ont un effet anti-inflammatoire et soutiennent le c\u0153ur, les articulations et le m\u00e9tabolisme des graisses. Pour les athl\u00e8tes d&rsquo;endurance, cela signifie moins de raideur, une r\u00e9cup\u00e9ration plus rapide et un syst\u00e8me cardiovasculaire plus robuste. <\/p>\n\n<ul class=\"wp-block-list\">\n<li>r\u00e9duit l&rsquo;inflammation<\/li>\n\n\n\n<li>am\u00e9liore la sant\u00e9 cardiaque<\/li>\n\n\n\n<li>acc\u00e9l\u00e8re la r\u00e9cup\u00e9ration apr\u00e8s de longues s\u00e9ances<\/li>\n\n\n\n<li>aide \u00e0 m\u00e9taboliser les graisses<\/li>\n\n\n\n<li>rend les muscles plus souples<\/li>\n<\/ul>\n\n<h2 class=\"wp-block-heading\">Vitamine D3 + K2<\/h2>\n\n<p>La vitamine D3 renforce les muscles, le syst\u00e8me immunitaire et l&rsquo;\u00e9nergie. La vitamine K2 assure l&rsquo;int\u00e9gration du calcium dans les os. Ces deux substances agissent ensemble et sont particuli\u00e8rement indispensables apr\u00e8s 50 ans.  <\/p>\n\n<ul class=\"wp-block-list\">\n<li>renforce les muscles<\/li>\n\n\n\n<li>soutient le syst\u00e8me immunitaire<\/li>\n\n\n\n<li>K2 prot\u00e8ge les vaisseaux et renforce les os<\/li>\n\n\n\n<li>\u00e9l\u00e8ve le niveau d&rsquo;\u00e9nergie<\/li>\n<\/ul>\n\n<h2 class=\"wp-block-heading\">Cr\u00e9atine<\/h2>\n\n<p>La cr\u00e9atine augmente les r\u00e9serves d&rsquo;\u00e9nergie des muscles et am\u00e9liore les pics de force. Dans le domaine de l&rsquo;endurance, elle aide \u00e9galement \u00e0 maintenir la stabilit\u00e9 des performances. De plus, elle soutient le cerveau et r\u00e9duit la fatigue mentale.  <\/p>\n\n<ul class=\"wp-block-list\">\n<li>pics de force plus \u00e9lev\u00e9s (d\u00e9marrages, acc\u00e9l\u00e9rations)<\/li>\n\n\n\n<li>meilleure endurance<\/li>\n\n\n\n<li>am\u00e9liore la qualit\u00e9 des muscles &#8211; surtout apr\u00e8s 50 ans<\/li>\n\n\n\n<li>soutient le cerveau et r\u00e9duit la fatigue mentale<\/li>\n<\/ul>\n\n<h2 class=\"wp-block-heading\">Prot\u00e9ine de lactos\u00e9rum<\/h2>\n\n<p>La prot\u00e9ine est le mat\u00e9riau de construction des muscles. La prot\u00e9ine de lactos\u00e9rum fournit des acides amin\u00e9s rapidement disponibles et acc\u00e9l\u00e8re la r\u00e9cup\u00e9ration apr\u00e8s l&rsquo;entra\u00eenement. <\/p>\n\n<ul class=\"wp-block-list\">\n<li>d\u00e9veloppe la musculature<\/li>\n\n\n\n<li>pr\u00e9serve la masse musculaire<\/li>\n\n\n\n<li>acc\u00e9l\u00e8re la r\u00e9g\u00e9n\u00e9ration<\/li>\n\n\n\n<li>\u00e9vite les baisses de performance<\/li>\n<\/ul>\n\n<h2 class=\"wp-block-heading\">Bisglycinate de magn\u00e9sium<\/h2>\n\n<p>Cette forme de magn\u00e9sium d\u00e9tend les muscles, am\u00e9liore le sommeil et soutient le c\u0153ur. Elle est bien tol\u00e9r\u00e9e et particuli\u00e8rement efficace. <\/p>\n\n<ul class=\"wp-block-list\">\n<li>D\u00e9tente musculaire<\/li>\n\n\n\n<li>sommeil plus profond<\/li>\n\n\n\n<li>c\u0153ur plus calme<\/li>\n\n\n\n<li>moins de crampes<\/li>\n\n\n\n<li>une r\u00e9g\u00e9n\u00e9ration plus rapide<\/li>\n<\/ul>\n\n<h2 class=\"wp-block-heading\">Magtein<\/h2>\n\n<p>Magtein, une forme particuli\u00e8re de magn\u00e9sium, agit directement sur le cerveau. Il favorise le calme, la concentration et le sommeil profond &#8211; id\u00e9al pendant les p\u00e9riodes d&rsquo;entra\u00eenement intensif. <\/p>\n\n<ul class=\"wp-block-list\">\n<li>agit sur le cerveau<\/li>\n\n\n\n<li>am\u00e9liore la mise au point<\/li>\n\n\n\n<li>favorise le sommeil profond<\/li>\n\n\n\n<li>r\u00e9duit la fatigue mentale<\/li>\n\n\n\n<li>aide dans les phases de stress<\/li>\n<\/ul>\n\n<h2 class=\"wp-block-heading\">Ashwagandha<\/h2>\n\n<p>L&rsquo;ashwagandha r\u00e9duit le cortisol, l&rsquo;hormone du stress, am\u00e9liore le sommeil et renforce la r\u00e9sistance mentale. C&rsquo;est un r\u00e9gulateur naturel du stress. <\/p>\n\n<ul class=\"wp-block-list\">\n<li>apaise le syst\u00e8me nerveux<\/li>\n\n\n\n<li>r\u00e9duit le cortisol<\/li>\n\n\n\n<li>am\u00e9liore la qualit\u00e9 du sommeil<\/li>\n\n\n\n<li>soutient la r\u00e9g\u00e9n\u00e9ration<\/li>\n\n\n\n<li>aide en cas de stress psychologique<\/li>\n<\/ul>\n\n<h2 class=\"wp-block-heading\">Gingembre<\/h2>\n\n<p>Le gingembre a un effet anti-inflammatoire naturel, favorise la circulation sanguine et renforce le syst\u00e8me immunitaire. Un shot de gingembre quotidien est un excellent soulagement de base pour le corps. <\/p>\n\n<ul class=\"wp-block-list\">\n<li>anti-inflammatoire naturel<\/li>\n\n\n\n<li>soutient l&rsquo;estomac et les intestins<\/li>\n\n\n\n<li>am\u00e9liore la circulation sanguine<\/li>\n\n\n\n<li>renforce le syst\u00e8me immunitaire<\/li>\n\n\n\n<li>r\u00e9duction douce et naturelle de la douleur<\/li>\n<\/ul>\n\n<h2 class=\"wp-block-heading\">curcumine + pip\u00e9rine<\/h2>\n\n<p>La curcumine est le composant actif de la racine de curcuma. Dans les compl\u00e9ments alimentaires, on utilise donc un extrait concentr\u00e9 de curcumine, g\u00e9n\u00e9ralement combin\u00e9 \u00e0 de la pip\u00e9rine pour une meilleure absorption. <\/p>\n\n<p>La curcumine est un puissant anti-inflammatoire, surtout lorsqu&rsquo;elle est associ\u00e9e \u00e0 la pip\u00e9rine, qui am\u00e9liore consid\u00e9rablement son absorption. Id\u00e9al pendant les semaines d&rsquo;entra\u00eenement intensif pour une r\u00e9cup\u00e9ration plus rapide. <\/p>\n\n<ul class=\"wp-block-list\">\n<li>fortement anti-inflammatoire<\/li>\n\n\n\n<li>Booster en semaines difficiles<\/li>\n\n\n\n<li>soutient les articulations<\/li>\n\n\n\n<li>acc\u00e9l\u00e8re la r\u00e9g\u00e9n\u00e9ration<\/li>\n\n\n\n<li>La pip\u00e9rine multiplie l&rsquo;absorption<\/li>\n<\/ul>\n\n<h3 class=\"wp-block-heading\">La curcumine en phase de comp\u00e9tition<\/h3>\n\n<p>La curcumine a un effet anti-inflammatoire puissant, ce qui la rend utile pendant les semaines d&rsquo;entra\u00eenement et les semaines intensives. En revanche, en phase de comp\u00e9tition imm\u00e9diate, cet effet est contre-productif car il inhibe l&rsquo;activation hormonale des r\u00e9actions inflammatoires et de stress (adr\u00e9naline, cortisol), qui font partie du d\u00e9ploiement maximal de la performance. <\/p>\n\n<p>Recommandation : arr\u00eater la curcumine 3 \u00e0 5 jours avant la comp\u00e9tition et ne pas la prendre le jour de la comp\u00e9tition. Pendant la semaine de tapering, le dosage devrait d\u00e9j\u00e0 \u00eatre r\u00e9duit. <\/p>\n\n<p>La curcumine n&rsquo;am\u00e9liore pas les performances le jour de la comp\u00e9tition et peut l\u00e9g\u00e8rement diminuer la tension musculaire et la concentration sur la course chez les athl\u00e8tes sensibles. C&rsquo;est pourquoi elle est utilis\u00e9e sp\u00e9cifiquement pour la r\u00e9cup\u00e9ration &#8211; et non pour la comp\u00e9tition elle-m\u00eame. <\/p>\n\n<h3 class=\"wp-block-heading\">Comment le gingembre et le curcuma agissent ensemble<\/h3>\n\n<p>Le gingembre sert d&rsquo;anti-inflammatoire de base quotidien et offre un soutien continu \u00e0 l&rsquo;organisme. Le curcuma avec pip\u00e9rine, quant \u00e0 lui, est un puissant turbo r\u00e9g\u00e9n\u00e9rateur qui s&rsquo;av\u00e8re particuli\u00e8rement efficace pendant les semaines intenses. Ensemble, ils inhibent l&rsquo;inflammation et favorisent la r\u00e9g\u00e9n\u00e9ration tout en \u00e9tant doux pour l&rsquo;estomac et le foie. Ils ne remplacent pas les m\u00e9dicaments, mais soutiennent le corps de mani\u00e8re naturelle.   <\/p>\n\n<h2 class=\"wp-block-heading\">\u00c9lectrolytes<\/h2>\n\n<ul class=\"wp-block-list\">\n<li>remplacer ce que vous perdez en transpirant<\/li>\n\n\n\n<li>prot\u00e8gent le c\u0153ur et la circulation sanguine<\/li>\n\n\n\n<li>emp\u00eachent les crampes<\/li>\n<\/ul>\n\n<h2 class=\"wp-block-heading\">B\u00eata-alanine &#8211; Quand commencer (pr\u00e9paration \u00e0 la comp\u00e9tition)<\/h2>\n\n<p>La b\u00eata-alanine n&rsquo;est pas un compl\u00e9ment d&rsquo;urgence, mais agit par le biais de la lente accumulation de carnosine dans les muscles. Ce processus prend du temps. Pour que la b\u00eata-alanine soit pleinement efficace en comp\u00e9tition, la prise doit commencer t\u00f4t.  <\/p>\n\n<h3 class=\"wp-block-heading\">Heure de d\u00e9but recommand\u00e9e<\/h3>\n\n<ul class=\"wp-block-list\">\n<li>6-8 semaines avant la comp\u00e9tition principale<\/li>\n<\/ul>\n\n<p>Pendant cette p\u00e9riode, le taux de carnosine dans le muscle augmente suffisamment pour tamponner efficacement l&rsquo;acidification lors d&rsquo;efforts intenses entre 1 et 4 minutes. C&rsquo;est pr\u00e9cis\u00e9ment cette plage qui est cruciale pour les courses sur piste comme le scratch ou le 2 000 m (~2,5 minutes). <\/p>\n\n<h3 class=\"wp-block-heading\">Principe des recettes<\/h3>\n\n<ul class=\"wp-block-list\">\n<li>prise quotidienne<\/li>\n\n\n\n<li>3,2-6,4 g par jour<\/li>\n\n\n\n<li>r\u00e9parti en plusieurs petites portions ; r\u00e9duit les fourmillements<\/li>\n\n\n\n<li>Le moment de la journ\u00e9e n&rsquo;est pas d\u00e9terminant<\/li>\n<\/ul>\n\n<h5 class=\"wp-block-heading\">Important<\/h5>\n\n<ul class=\"wp-block-list\">\n<li>Pas de b\u00e9n\u00e9fice suppl\u00e9mentaire en cas de prise le jour de la comp\u00e9tition<\/li>\n\n\n\n<li>Pas de surdosage pendant la semaine de course<\/li>\n\n\n\n<li>La constance est essentielle, pas le moment<\/li>\n<\/ul>\n\n<h5 class=\"wp-block-heading\">Note<\/h5>\n\n<p>Si la prise commence moins de quatre semaines avant la comp\u00e9tition, l&rsquo;effet est limit\u00e9. Si la pr\u00e9paration est effectu\u00e9e \u00e0 tr\u00e8s court terme, la b\u00eata-alanine ne pr\u00e9sente plus gu\u00e8re d&rsquo;int\u00e9r\u00eat. <\/p>\n\n<h2 class=\"wp-block-heading\">Pourquoi cette combinaison fonctionne-t-elle ?<\/h2>\n\n<p>Beaucoup de ces compl\u00e9ments n&rsquo;agissent pas isol\u00e9ment, mais se renforcent mutuellement. Le gingembre et le curcuma forment ensemble une combinaison puissante contre l&rsquo;inflammation. Les om\u00e9ga-3 et la vitamine D3 agissent en synergie sur le m\u00e9tabolisme et le syst\u00e8me immunitaire. Le magn\u00e9sium, l&rsquo;ashwagandha et la magtein forment un trio id\u00e9al pour un meilleur sommeil, un calme mental et une r\u00e9g\u00e9n\u00e9ration profonde. La cr\u00e9atine et les prot\u00e9ines ont une influence positive sur la force, l&rsquo;\u00e9nergie et les performances, en particulier chez les athl\u00e8tes plus \u00e2g\u00e9s.    <\/p>\n\n<ul class=\"wp-block-list\">\n<li>am\u00e9liore la r\u00e9g\u00e9n\u00e9ration<\/li>\n\n\n\n<li>r\u00e9duit les inflammations<\/li>\n\n\n\n<li>prot\u00e8ge les muscles et les articulations<\/li>\n\n\n\n<li>soutient le c\u0153ur et le cerveau<\/li>\n\n\n\n<li>am\u00e9liore la qualit\u00e9 du sommeil<\/li>\n\n\n\n<li>r\u00e9duit le stress mental<\/li>\n\n\n\n<li>augmente l&rsquo;\u00e9nergie pendant l&rsquo;effort<\/li>\n\n\n\n<li>pr\u00e9serve la masse musculaire<\/li>\n\n\n\n<li>favorise la combustion des graisses<\/li>\n\n\n\n<li>naturel et bien tol\u00e9r\u00e9<\/li>\n<\/ul>\n\n<h2 class=\"wp-block-heading\">Pourquoi diff\u00e9rentes phases d&rsquo;entra\u00eenement n\u00e9cessitent des dosages diff\u00e9rents<\/h2>\n\n<h4 class=\"wp-block-heading\">Vie quotidienne (10-12 heures de formation par semaine)<\/h4>\n\n<p>Lors des semaines d&rsquo;entra\u00eenement normales, l&rsquo;accent est mis sur les soins de base. L&rsquo;objectif est de maintenir le corps stable et d&rsquo;assurer une capacit\u00e9 de r\u00e9cup\u00e9ration constante. Les anti-inflammatoires comme le gingembre sont g\u00e9n\u00e9ralement suffisants \u00e0 cet \u00e9gard.  <\/p>\n\n<ul class=\"wp-block-list\">\n<li>Objectif : R\u00e9g\u00e9n\u00e9ration de base &amp; sant\u00e9<\/li>\n\n\n\n<li>inflammations mod\u00e9r\u00e9es \u2192 le gingembre suffit<\/li>\n\n\n\n<li>Sommeil &amp; R\u00e9cup\u00e9ration \u2192 Magn\u00e9sium + Ashwagandha<\/li>\n\n\n\n<li>\u00c9nergie &amp; c\u0153ur \u2192 om\u00e9ga-3, vitamine D, cr\u00e9atine<\/li>\n\n\n\n<li>Les articulations et les muscles sont stabilis\u00e9s<\/li>\n\n\n\n<li>Pas de doses \u00e9lev\u00e9es pour ne pas surcharger l&rsquo;organisme<\/li>\n<\/ul>\n\n<h4 class=\"wp-block-heading\">Semaines intensives (jusqu&rsquo;\u00e0 20 heures de formation par semaine)<\/h4>\n\n<p>Les semaines o\u00f9 la charge d&rsquo;entra\u00eenement est plus \u00e9lev\u00e9e, les micro-inflammations sont plus nombreuses. Le corps a besoin de plus de soutien, notamment gr\u00e2ce au curcuma, \u00e0 des \u00e9lectrolytes suppl\u00e9mentaires et \u00e0 des mesures de r\u00e9cup\u00e9ration plus cons\u00e9quentes. Le sommeil joue un r\u00f4le important \u00e0 cet \u00e9gard.  <\/p>\n\n<ul class=\"wp-block-list\">\n<li>Objectif : acc\u00e9l\u00e9rer la r\u00e9cup\u00e9ration et prot\u00e9ger le corps<\/li>\n\n\n\n<li>plus de stress \u00e0 l&rsquo;entra\u00eenement \u2192 plus d&rsquo;inflammations<\/li>\n\n\n\n<li>Syst\u00e8me immunitaire plus sollicit\u00e9<\/li>\n\n\n\n<li>Sommeil plus d\u00e9cisif<\/li>\n\n\n\n<li>plus de dommages musculaires<\/li>\n\n\n\n<li>plus de charge mentale<\/li>\n\n\n\n<li>Compl\u00e9ter le curcuma + la pip\u00e9rine comme un turbo<\/li>\n\n\n\n<li>un apport l\u00e9g\u00e8rement plus \u00e9lev\u00e9 en prot\u00e9ines &amp; om\u00e9ga-3<\/li>\n<\/ul>\n\n<h4 class=\"wp-block-heading\">Phase de comp\u00e9tition de 8 semaines<\/h4>\n\n<p>Cette phase est con\u00e7ue pour am\u00e9liorer les performances. Au cours des six premi\u00e8res semaines, l&rsquo;effort est augment\u00e9 tandis que des suppl\u00e9ments cibl\u00e9s maximisent la r\u00e9cup\u00e9ration. La septi\u00e8me semaine est consacr\u00e9e \u00e0 l&rsquo;all\u00e8gement (tapering) et, pendant la semaine de course, on ne prend que ce que le corps conna\u00eet bien &#8211; pas d&rsquo;exp\u00e9rimentation.  <\/p>\n\n<p>Durant cette phase, la b\u00eata-alanine est utilis\u00e9e pour tamponner efficacement l&rsquo;hyperacidit\u00e9 le jour de la comp\u00e9tition lors d&rsquo;efforts intenses de 1 \u00e0 4 minutes.<\/p>\n\n<ul class=\"wp-block-list\">\n<li>Objectif : am\u00e9liorer les performances et optimiser la r\u00e9cup\u00e9ration<\/li>\n\n\n\n<li>Semaines 1 \u00e0 6 : phase d&rsquo;entra\u00eenement difficile \u2192 r\u00e9cup\u00e9ration maximale n\u00e9cessaire<\/li>\n\n\n\n<li>Semaine 7 : Tapering \u2192 R\u00e9duire l&rsquo;inflammation, stocker l&rsquo;\u00e9nergie<\/li>\n\n\n\n<li>Semaine 8 : Comp\u00e9tition \u2192 pas d&rsquo;exp\u00e9rimentation<\/li>\n\n\n\n<li>plus de latin pour le sommeil<\/li>\n\n\n\n<li>Curcuma r\u00e9duit, pas le jour de la comp\u00e9tition<\/li>\n\n\n\n<li>Cr\u00e9atine &amp; \u00e9lectrolytes constants<\/li>\n\n\n\n<li>Le gingembre stabilise la digestion et le syst\u00e8me immunitaire<\/li>\n<\/ul>\n\n<h5 class=\"wp-block-heading\">Semaines 1 \u00e0 6 (phase de construction dure)<\/h5>\n\n<ul class=\"wp-block-list\">\n<li><strong>Tous les basics constants<\/strong><\/li>\n\n\n\n<li><strong>Curcuma + pip\u00e9rine<\/strong> apr\u00e8s des s\u00e9ances intensives<\/li>\n\n\n\n<li><strong>Manger plus souvent<\/strong> \u2192 sommeil profond = am\u00e9lioration des performances<\/li>\n\n\n\n<li><strong>Prot\u00e9ine apr\u00e8s chaque unit\u00e9<\/strong><\/li>\n<\/ul>\n\n<h5 class=\"wp-block-heading\">Semaine 7 (Tapering)<\/h5>\n\n<ul class=\"wp-block-list\">\n<li><strong>R\u00e9duire<\/strong> l&rsquo;inflammation \u2192 <strong>curcuma<\/strong><\/li>\n\n\n\n<li>beaucoup de sommeil, magn\u00e9sium &amp; om\u00e9ga-3 stables<\/li>\n\n\n\n<li>Cr\u00e9atine constante<\/li>\n<\/ul>\n\n<h5 class=\"wp-block-heading\">Semaine 8 (semaine de course)<\/h5>\n\n<ul class=\"wp-block-list\">\n<li>Pas d&rsquo;exp\u00e9rimentation<\/li>\n\n\n\n<li>Ne prendre que ce que le corps conna\u00eet<\/li>\n\n\n\n<li><strong>Ne pas prendre<\/strong> de curcuma <strong>juste avant ou le jour de la comp\u00e9tition<\/strong><\/li>\n<\/ul>\n\n<h1 class=\"wp-block-heading\">Pourquoi cela fonctionne-t-il ?<\/h1>\n\n<p>La combinaison des compl\u00e9ments d\u00e9crits couvre les trois piliers de la performance sportive : \u00e9nergie, r\u00e9cup\u00e9ration et stabilit\u00e9 mentale. Utilis\u00e9e correctement, elle permet de s&rsquo;entra\u00eener plus dur, de r\u00e9cup\u00e9rer plus rapidement et d&rsquo;am\u00e9liorer les performances \u00e0 long terme, quel que soit l&rsquo;\u00e2ge. <\/p>\n\n<ul class=\"wp-block-list\">\n<li>am\u00e9liore la r\u00e9g\u00e9n\u00e9ration<\/li>\n\n\n\n<li>r\u00e9duit les inflammations<\/li>\n\n\n\n<li>prot\u00e8ge les muscles et les articulations<\/li>\n\n\n\n<li>soutient le c\u0153ur et le cerveau<\/li>\n\n\n\n<li>am\u00e9liore la qualit\u00e9 du sommeil<\/li>\n\n\n\n<li>r\u00e9duit le stress mental<\/li>\n\n\n\n<li>augmente l&rsquo;\u00e9nergie pendant l&rsquo;effort<\/li>\n\n\n\n<li>pr\u00e9serve la masse musculaire<\/li>\n\n\n\n<li>favorise la combustion des graisses<\/li>\n\n\n\n<li>naturel et bien tol\u00e9r\u00e9<\/li>\n<\/ul>\n\n<h1 class=\"wp-block-heading\">Liste d&rsquo;achats<\/h1>\n\n<ul class=\"wp-block-list\">\n<li>Cr\u00e9atine monohydrate, Sponser  <\/li>\n\n\n\n<li>Whey Isolate 94, Sponser<\/li>\n\n\n\n<li>B\u00eata-alanine, Sponser<\/li>\n\n\n\n<li>Bisglycinate de magn\u00e9sium, Sunday Natural<\/li>\n\n\n\n<li>Ashwagandha KSM-66, Sunday Natural<\/li>\n\n\n\n<li>Complexe Om\u00e9ga 3, Sunday Natural<\/li>\n\n\n\n<li>Complexe de magn\u00e9tite, Sunday Natural<\/li>\n\n\n\n<li>D3 + K2 Mk7 2500IE, Sunday Natural<\/li>\n\n\n\n<li>Curcuma Forte 23000 avec pip\u00e9rine, Sunday Natural<\/li>\n\n\n\n<li>Concentr\u00e9 de gingembre, Bens Ginger<\/li>\n<\/ul>\n\n<h1 class=\"wp-block-heading\">Suppl\u00e9ment-Masterplan<\/h1>\n\n<h2 class=\"wp-block-heading\">Vie quotidienne &#8211; Semaines d&rsquo;entra\u00eenement normal (12-14 h)<\/h2>\n\n<figure class=\"wp-block-table\"><table class=\"has-fixed-layout\"><tbody><tr><td>Suppl\u00e9ment<\/td><td>Dosage<\/td><td>Moment<\/td><\/tr><tr><td>Om\u00e9ga-3 (Sunday Natural)<\/td><td>1 capsule (600 mg EPA\/DHA)<\/td><td>Le matin<\/td><\/tr><tr><td>Vitamine D3 + K2 (2&rsquo;500 UI)<\/td><td>1 goutte<\/td><td>Le matin<\/td><\/tr><tr><td>Cr\u00e9atine monohydrate<\/td><td>5 g<\/td><td>Le matin ou apr\u00e8s l&rsquo;entra\u00eenement<\/td><\/tr><tr><td>Shot de gingembre Ben&rsquo;s Ginger<\/td><td>2 cl<\/td><td>Le matin<\/td><\/tr><tr><td>Isolat de lactos\u00e9rum<\/td><td>20-30 g<\/td><td>Apr\u00e8s la formation<\/td><\/tr><tr><td>\u00c9lectrolytes<\/td><td>1 portion<\/td><td>Pendant &gt;1 h d&rsquo;entra\u00eenement<\/td><\/tr><tr><td>Bisglycinate de magn\u00e9sium<\/td><td>200-400 mg<\/td><td>Le soir<\/td><\/tr><tr><td>Ashwagandha KSM-66<\/td><td>600-750 mg<\/td><td>Le soir<\/td><\/tr><tr><td>Magtein<\/td><td>1 portion<\/td><td>Le soir, 2-3\u00d7\/semaine<\/td><\/tr><\/tbody><\/table><\/figure>\n\n<h2 class=\"wp-block-heading\">Semaines intensives &#8211; 15-17 h de formation<\/h2>\n\n<figure class=\"wp-block-table\"><table class=\"has-fixed-layout\"><tbody><tr><td>Suppl\u00e9ment<\/td><td>Dosage<\/td><td>Moment<\/td><\/tr><tr><td>Om\u00e9ga-3 (Sunday Natural)<\/td><td>1 capsule (600 mg EPA\/DHA)<\/td><td>Le matin<\/td><\/tr><tr><td>Vitamine D3 + K2<\/td><td>1 goutte<\/td><td>Le matin<\/td><\/tr><tr><td>Cr\u00e9atine monohydrate<\/td><td>5 g<\/td><td>Le matin \/ apr\u00e8s l&rsquo;entra\u00eenement<\/td><\/tr><tr><td>Ben&rsquo;s Ginger<\/td><td>2 cl<\/td><td>Le matin<\/td><\/tr><tr><td>Isolat de lactos\u00e9rum<\/td><td>20-30 g<\/td><td>Apr\u00e8s la formation<\/td><\/tr><tr><td>\u00c9lectrolytes<\/td><td>1 portion<\/td><td>Pendant &gt;1 h d&rsquo;entra\u00eenement<\/td><\/tr><tr><td>curcumine + pip\u00e9rine<\/td><td>1 capsule (500 mg)<\/td><td>Apr\u00e8s un entra\u00eenement intensif<\/td><\/tr><tr><td>Bisglycinate de magn\u00e9sium<\/td><td>200-400 mg<\/td><td>Le soir<\/td><\/tr><tr><td>Ashwagandha KSM-66<\/td><td>600-750 mg<\/td><td>Le soir<\/td><\/tr><tr><td>Magtein<\/td><td>1 portion<\/td><td>Le soir, 3-4\u00d7\/semaine<\/td><\/tr><\/tbody><\/table><\/figure>\n\n<h2 class=\"wp-block-heading\">Phase de comp\u00e9tition de 8 semaines &#8211; Pr\u00e9paration UCI Masters Worlds<\/h2>\n\n<figure class=\"wp-block-table\"><table class=\"has-fixed-layout\"><tbody><tr><td>Suppl\u00e9ment<\/td><td>Dosage<\/td><td>Moment<\/td><\/tr><tr><td>Om\u00e9ga-3<\/td><td>2 g\u00e9lules (1200 mg EPA\/DHA)<\/td><td>Le matin<\/td><\/tr><tr><td>Vitamine D3 + K2<\/td><td>1-2 gouttes<\/td><td>Le matin<\/td><\/tr><tr><td>Cr\u00e9atine monohydrate<\/td><td>5 g<\/td><td>Le matin<\/td><\/tr><tr><td>Ben&rsquo;s Ginger<\/td><td>2 cl<\/td><td>Le matin<\/td><\/tr><tr><td>Isolat de lactos\u00e9rum<\/td><td>20-30 g<\/td><td>Apr\u00e8s chaque unit\u00e9<\/td><\/tr><tr><td>\u00c9lectrolytes<\/td><td>1 portion<\/td><td>Pendant &gt;1 h d&rsquo;entra\u00eenement<\/td><\/tr><tr><td>curcumine + pip\u00e9rine<\/td><td>1 capsule<\/td><td>Apr\u00e8s des s\u00e9ances intensives Semaine 6 r\u00e9duite Semaine 7 arr\u00eater<\/td><\/tr><tr><td>Bisglycinate de magn\u00e9sium<\/td><td>1 capsule 200-400 mg<\/td><td>Le soir<\/td><\/tr><tr><td>Ashwagandha KSM-66<\/td><td>1 g\u00e9lule = 500 mg<br\/>Recommand\u00e9 600 mg<\/td><td>Le soir<\/td><\/tr><tr><td>Magtein<\/td><td>1 portion<\/td><td>Le soir, 3-4\u00d7\/semaine<\/td><\/tr><tr><td>B\u00eata alanine<\/td><td>3,2-6,4 g par jour (augmenter)<\/td><td>Tout au long de la journ\u00e9e<\/td><\/tr><\/tbody><\/table><\/figure>\n\n<h2 class=\"wp-block-heading\">Clause de non-responsabilit\u00e9<\/h2>\n\n<p>J&rsquo;ai compos\u00e9 cette combinaison \u00e0 partir de ma propre exp\u00e9rience et de nombreux tests. Je ne fais aucun b\u00e9n\u00e9fice sur aucun des produits mentionn\u00e9s, c&rsquo;est pourquoi je renonce d\u00e9lib\u00e9r\u00e9ment aux liens. La prise de ce produit rel\u00e8ve de votre propre responsabilit\u00e9 et, en cas de doute, vous devriez demander un avis m\u00e9dical.  <br\/><\/p>\n","protected":false},"excerpt":{"rendered":"<p>R\u00e9sum\u00e9 de gestion Ce plan directeur de suppl\u00e9ments s&rsquo;adresse aux athl\u00e8tes d&rsquo;endurance plus \u00e2g\u00e9s qui s&rsquo;entra\u00eenent r\u00e9guli\u00e8rement et souhaitent maintenir ou am\u00e9liorer leurs performances \u00e0 long terme de mani\u00e8re cibl\u00e9e. L&rsquo;accent n&rsquo;est pas mis sur les effets \u00e0 court terme, mais sur une approche structur\u00e9e et durable. Le plan repose sur quatre piliers d&rsquo;\u00e9gale importance&hellip;&nbsp;<a href=\"https:\/\/the-challenge.ch\/fr\/supplement-masterplan\/\" rel=\"bookmark\">Read More &raquo;<span class=\"screen-reader-text\">Suppl\u00e9ment-Masterplan<\/span><\/a><\/p>\n","protected":false},"author":2,"featured_media":1553,"comment_status":"open","ping_status":"open","sticky":false,"template":"","format":"standard","meta":{"neve_meta_sidebar":"","neve_meta_container":"","neve_meta_enable_content_width":"","neve_meta_content_width":0,"neve_meta_title_alignment":"","neve_meta_author_avatar":"","neve_post_elements_order":"","neve_meta_disable_header":"","neve_meta_disable_footer":"","neve_meta_disable_title":"","neve_meta_reading_time":"","_themeisle_gutenberg_block_has_review":false,"footnotes":""},"categories":[54,56],"tags":[],"class_list":["post-1555","post","type-post","status-publish","format-standard","has-post-thumbnail","hentry","category-alimentation","category-nutrition-sportive"],"yoast_head":"<!-- This site is optimized with the Yoast SEO plugin v27.5 - https:\/\/yoast.com\/product\/yoast-seo-wordpress\/ -->\n<title>Suppl\u00e9ment-Masterplan - The Challenge<\/title>\n<meta name=\"robots\" content=\"index, follow, max-snippet:-1, max-image-preview:large, max-video-preview:-1\" \/>\n<link rel=\"canonical\" href=\"https:\/\/the-challenge.ch\/fr\/supplement-masterplan\/\" \/>\n<meta property=\"og:locale\" content=\"fr_FR\" \/>\n<meta property=\"og:type\" content=\"article\" \/>\n<meta property=\"og:title\" content=\"Suppl\u00e9ment-Masterplan - The Challenge\" \/>\n<meta property=\"og:description\" content=\"R\u00e9sum\u00e9 de gestion Ce plan directeur de suppl\u00e9ments s&rsquo;adresse aux athl\u00e8tes d&rsquo;endurance plus \u00e2g\u00e9s qui s&rsquo;entra\u00eenent r\u00e9guli\u00e8rement et souhaitent maintenir ou am\u00e9liorer leurs performances \u00e0 long terme de mani\u00e8re cibl\u00e9e. L&rsquo;accent n&rsquo;est pas mis sur les effets \u00e0 court terme, mais sur une approche structur\u00e9e et durable. Le plan repose sur quatre piliers d&rsquo;\u00e9gale importance&hellip;&nbsp;Read More &raquo;Suppl\u00e9ment-Masterplan\" \/>\n<meta property=\"og:url\" content=\"https:\/\/the-challenge.ch\/fr\/supplement-masterplan\/\" \/>\n<meta property=\"og:site_name\" content=\"The Challenge\" \/>\n<meta property=\"article:publisher\" content=\"https:\/\/www.facebook.com\/beat.stebler.5\" \/>\n<meta property=\"article:published_time\" content=\"2026-01-02T11:58:56+00:00\" \/>\n<meta property=\"article:modified_time\" content=\"2026-01-02T12:08:57+00:00\" \/>\n<meta property=\"og:image\" content=\"https:\/\/the-challenge.ch\/wp-content\/uploads\/2026\/01\/ChatGPT-Image-22.-Nov.-2025-22_33_35.png\" \/>\n\t<meta property=\"og:image:width\" content=\"1024\" \/>\n\t<meta property=\"og:image:height\" content=\"1024\" \/>\n\t<meta property=\"og:image:type\" content=\"image\/png\" \/>\n<meta name=\"author\" content=\"Beat Stebler\" \/>\n<meta name=\"twitter:card\" content=\"summary_large_image\" \/>\n<meta name=\"twitter:label1\" content=\"\u00c9crit par\" \/>\n\t<meta name=\"twitter:data1\" content=\"Beat Stebler\" \/>\n\t<meta name=\"twitter:label2\" content=\"Dur\u00e9e de lecture estim\u00e9e\" \/>\n\t<meta name=\"twitter:data2\" content=\"13 minutes\" \/>\n<script type=\"application\/ld+json\" class=\"yoast-schema-graph\">{\"@context\":\"https:\\\/\\\/schema.org\",\"@graph\":[{\"@type\":\"Article\",\"@id\":\"https:\\\/\\\/the-challenge.ch\\\/fr\\\/supplement-masterplan\\\/#article\",\"isPartOf\":{\"@id\":\"https:\\\/\\\/the-challenge.ch\\\/fr\\\/supplement-masterplan\\\/\"},\"author\":{\"name\":\"Beat Stebler\",\"@id\":\"https:\\\/\\\/the-challenge.ch\\\/fr\\\/#\\\/schema\\\/person\\\/ad3f1b82e5027ba312a97d835c07d80f\"},\"headline\":\"Suppl\u00e9ment-Masterplan\",\"datePublished\":\"2026-01-02T11:58:56+00:00\",\"dateModified\":\"2026-01-02T12:08:57+00:00\",\"mainEntityOfPage\":{\"@id\":\"https:\\\/\\\/the-challenge.ch\\\/fr\\\/supplement-masterplan\\\/\"},\"wordCount\":2612,\"commentCount\":0,\"publisher\":{\"@id\":\"https:\\\/\\\/the-challenge.ch\\\/fr\\\/#organization\"},\"image\":{\"@id\":\"https:\\\/\\\/the-challenge.ch\\\/fr\\\/supplement-masterplan\\\/#primaryimage\"},\"thumbnailUrl\":\"https:\\\/\\\/the-challenge.ch\\\/wp-content\\\/uploads\\\/2026\\\/01\\\/ChatGPT-Image-22.-Nov.-2025-22_33_35.png\",\"articleSection\":[\"Alimentation\",\"Nutrition sportive\"],\"inLanguage\":\"fr-FR\",\"potentialAction\":[{\"@type\":\"CommentAction\",\"name\":\"Comment\",\"target\":[\"https:\\\/\\\/the-challenge.ch\\\/fr\\\/supplement-masterplan\\\/#respond\"]}]},{\"@type\":\"WebPage\",\"@id\":\"https:\\\/\\\/the-challenge.ch\\\/fr\\\/supplement-masterplan\\\/\",\"url\":\"https:\\\/\\\/the-challenge.ch\\\/fr\\\/supplement-masterplan\\\/\",\"name\":\"Suppl\u00e9ment-Masterplan - The Challenge\",\"isPartOf\":{\"@id\":\"https:\\\/\\\/the-challenge.ch\\\/fr\\\/#website\"},\"primaryImageOfPage\":{\"@id\":\"https:\\\/\\\/the-challenge.ch\\\/fr\\\/supplement-masterplan\\\/#primaryimage\"},\"image\":{\"@id\":\"https:\\\/\\\/the-challenge.ch\\\/fr\\\/supplement-masterplan\\\/#primaryimage\"},\"thumbnailUrl\":\"https:\\\/\\\/the-challenge.ch\\\/wp-content\\\/uploads\\\/2026\\\/01\\\/ChatGPT-Image-22.-Nov.-2025-22_33_35.png\",\"datePublished\":\"2026-01-02T11:58:56+00:00\",\"dateModified\":\"2026-01-02T12:08:57+00:00\",\"breadcrumb\":{\"@id\":\"https:\\\/\\\/the-challenge.ch\\\/fr\\\/supplement-masterplan\\\/#breadcrumb\"},\"inLanguage\":\"fr-FR\",\"potentialAction\":[{\"@type\":\"ReadAction\",\"target\":[\"https:\\\/\\\/the-challenge.ch\\\/fr\\\/supplement-masterplan\\\/\"]}]},{\"@type\":\"ImageObject\",\"inLanguage\":\"fr-FR\",\"@id\":\"https:\\\/\\\/the-challenge.ch\\\/fr\\\/supplement-masterplan\\\/#primaryimage\",\"url\":\"https:\\\/\\\/the-challenge.ch\\\/wp-content\\\/uploads\\\/2026\\\/01\\\/ChatGPT-Image-22.-Nov.-2025-22_33_35.png\",\"contentUrl\":\"https:\\\/\\\/the-challenge.ch\\\/wp-content\\\/uploads\\\/2026\\\/01\\\/ChatGPT-Image-22.-Nov.-2025-22_33_35.png\",\"width\":1024,\"height\":1024},{\"@type\":\"BreadcrumbList\",\"@id\":\"https:\\\/\\\/the-challenge.ch\\\/fr\\\/supplement-masterplan\\\/#breadcrumb\",\"itemListElement\":[{\"@type\":\"ListItem\",\"position\":1,\"name\":\"Startseite\",\"item\":\"https:\\\/\\\/the-challenge.ch\\\/fr\\\/\"},{\"@type\":\"ListItem\",\"position\":2,\"name\":\"Suppl\u00e9ment-Masterplan\"}]},{\"@type\":\"WebSite\",\"@id\":\"https:\\\/\\\/the-challenge.ch\\\/fr\\\/#website\",\"url\":\"https:\\\/\\\/the-challenge.ch\\\/fr\\\/\",\"name\":\"Track Cycling Challenge\",\"description\":\"Leistungssport im dritten Lebensabschnitt\",\"publisher\":{\"@id\":\"https:\\\/\\\/the-challenge.ch\\\/fr\\\/#organization\"},\"potentialAction\":[{\"@type\":\"SearchAction\",\"target\":{\"@type\":\"EntryPoint\",\"urlTemplate\":\"https:\\\/\\\/the-challenge.ch\\\/fr\\\/?s={search_term_string}\"},\"query-input\":{\"@type\":\"PropertyValueSpecification\",\"valueRequired\":true,\"valueName\":\"search_term_string\"}}],\"inLanguage\":\"fr-FR\"},{\"@type\":\"Organization\",\"@id\":\"https:\\\/\\\/the-challenge.ch\\\/fr\\\/#organization\",\"name\":\"Track Cycling Challenge\",\"url\":\"https:\\\/\\\/the-challenge.ch\\\/fr\\\/\",\"logo\":{\"@type\":\"ImageObject\",\"inLanguage\":\"fr-FR\",\"@id\":\"https:\\\/\\\/the-challenge.ch\\\/fr\\\/#\\\/schema\\\/logo\\\/image\\\/\",\"url\":\"https:\\\/\\\/the-challenge.ch\\\/wp-content\\\/uploads\\\/2023\\\/12\\\/TCC_1920.png\",\"contentUrl\":\"https:\\\/\\\/the-challenge.ch\\\/wp-content\\\/uploads\\\/2023\\\/12\\\/TCC_1920.png\",\"width\":1920,\"height\":1567,\"caption\":\"Track Cycling Challenge\"},\"image\":{\"@id\":\"https:\\\/\\\/the-challenge.ch\\\/fr\\\/#\\\/schema\\\/logo\\\/image\\\/\"},\"sameAs\":[\"https:\\\/\\\/www.facebook.com\\\/beat.stebler.5\",\"https:\\\/\\\/www.instagram.com\\\/beat.stebler\\\/\"]},{\"@type\":\"Person\",\"@id\":\"https:\\\/\\\/the-challenge.ch\\\/fr\\\/#\\\/schema\\\/person\\\/ad3f1b82e5027ba312a97d835c07d80f\",\"name\":\"Beat Stebler\",\"image\":{\"@type\":\"ImageObject\",\"inLanguage\":\"fr-FR\",\"@id\":\"https:\\\/\\\/secure.gravatar.com\\\/avatar\\\/5c63de00ec2871a217959b28a8c5f72ada9f853e9910b4b22b850d35713a62d3?s=96&d=mm&r=g\",\"url\":\"https:\\\/\\\/secure.gravatar.com\\\/avatar\\\/5c63de00ec2871a217959b28a8c5f72ada9f853e9910b4b22b850d35713a62d3?s=96&d=mm&r=g\",\"contentUrl\":\"https:\\\/\\\/secure.gravatar.com\\\/avatar\\\/5c63de00ec2871a217959b28a8c5f72ada9f853e9910b4b22b850d35713a62d3?s=96&d=mm&r=g\",\"caption\":\"Beat Stebler\"},\"sameAs\":[\"http:\\\/\\\/www.fotostudio-stebler.ch\"],\"url\":\"https:\\\/\\\/the-challenge.ch\\\/fr\\\/author\\\/beat\\\/\"}]}<\/script>\n<!-- \/ Yoast SEO plugin. -->","yoast_head_json":{"title":"Suppl\u00e9ment-Masterplan - The Challenge","robots":{"index":"index","follow":"follow","max-snippet":"max-snippet:-1","max-image-preview":"max-image-preview:large","max-video-preview":"max-video-preview:-1"},"canonical":"https:\/\/the-challenge.ch\/fr\/supplement-masterplan\/","og_locale":"fr_FR","og_type":"article","og_title":"Suppl\u00e9ment-Masterplan - The Challenge","og_description":"R\u00e9sum\u00e9 de gestion Ce plan directeur de suppl\u00e9ments s&rsquo;adresse aux athl\u00e8tes d&rsquo;endurance plus \u00e2g\u00e9s qui s&rsquo;entra\u00eenent r\u00e9guli\u00e8rement et souhaitent maintenir ou am\u00e9liorer leurs performances \u00e0 long terme de mani\u00e8re cibl\u00e9e. L&rsquo;accent n&rsquo;est pas mis sur les effets \u00e0 court terme, mais sur une approche structur\u00e9e et durable. Le plan repose sur quatre piliers d&rsquo;\u00e9gale importance&hellip;&nbsp;Read More &raquo;Suppl\u00e9ment-Masterplan","og_url":"https:\/\/the-challenge.ch\/fr\/supplement-masterplan\/","og_site_name":"The Challenge","article_publisher":"https:\/\/www.facebook.com\/beat.stebler.5","article_published_time":"2026-01-02T11:58:56+00:00","article_modified_time":"2026-01-02T12:08:57+00:00","og_image":[{"width":1024,"height":1024,"url":"https:\/\/the-challenge.ch\/wp-content\/uploads\/2026\/01\/ChatGPT-Image-22.-Nov.-2025-22_33_35.png","type":"image\/png"}],"author":"Beat Stebler","twitter_card":"summary_large_image","twitter_misc":{"\u00c9crit par":"Beat Stebler","Dur\u00e9e de lecture estim\u00e9e":"13 minutes"},"schema":{"@context":"https:\/\/schema.org","@graph":[{"@type":"Article","@id":"https:\/\/the-challenge.ch\/fr\/supplement-masterplan\/#article","isPartOf":{"@id":"https:\/\/the-challenge.ch\/fr\/supplement-masterplan\/"},"author":{"name":"Beat Stebler","@id":"https:\/\/the-challenge.ch\/fr\/#\/schema\/person\/ad3f1b82e5027ba312a97d835c07d80f"},"headline":"Suppl\u00e9ment-Masterplan","datePublished":"2026-01-02T11:58:56+00:00","dateModified":"2026-01-02T12:08:57+00:00","mainEntityOfPage":{"@id":"https:\/\/the-challenge.ch\/fr\/supplement-masterplan\/"},"wordCount":2612,"commentCount":0,"publisher":{"@id":"https:\/\/the-challenge.ch\/fr\/#organization"},"image":{"@id":"https:\/\/the-challenge.ch\/fr\/supplement-masterplan\/#primaryimage"},"thumbnailUrl":"https:\/\/the-challenge.ch\/wp-content\/uploads\/2026\/01\/ChatGPT-Image-22.-Nov.-2025-22_33_35.png","articleSection":["Alimentation","Nutrition sportive"],"inLanguage":"fr-FR","potentialAction":[{"@type":"CommentAction","name":"Comment","target":["https:\/\/the-challenge.ch\/fr\/supplement-masterplan\/#respond"]}]},{"@type":"WebPage","@id":"https:\/\/the-challenge.ch\/fr\/supplement-masterplan\/","url":"https:\/\/the-challenge.ch\/fr\/supplement-masterplan\/","name":"Suppl\u00e9ment-Masterplan - The Challenge","isPartOf":{"@id":"https:\/\/the-challenge.ch\/fr\/#website"},"primaryImageOfPage":{"@id":"https:\/\/the-challenge.ch\/fr\/supplement-masterplan\/#primaryimage"},"image":{"@id":"https:\/\/the-challenge.ch\/fr\/supplement-masterplan\/#primaryimage"},"thumbnailUrl":"https:\/\/the-challenge.ch\/wp-content\/uploads\/2026\/01\/ChatGPT-Image-22.-Nov.-2025-22_33_35.png","datePublished":"2026-01-02T11:58:56+00:00","dateModified":"2026-01-02T12:08:57+00:00","breadcrumb":{"@id":"https:\/\/the-challenge.ch\/fr\/supplement-masterplan\/#breadcrumb"},"inLanguage":"fr-FR","potentialAction":[{"@type":"ReadAction","target":["https:\/\/the-challenge.ch\/fr\/supplement-masterplan\/"]}]},{"@type":"ImageObject","inLanguage":"fr-FR","@id":"https:\/\/the-challenge.ch\/fr\/supplement-masterplan\/#primaryimage","url":"https:\/\/the-challenge.ch\/wp-content\/uploads\/2026\/01\/ChatGPT-Image-22.-Nov.-2025-22_33_35.png","contentUrl":"https:\/\/the-challenge.ch\/wp-content\/uploads\/2026\/01\/ChatGPT-Image-22.-Nov.-2025-22_33_35.png","width":1024,"height":1024},{"@type":"BreadcrumbList","@id":"https:\/\/the-challenge.ch\/fr\/supplement-masterplan\/#breadcrumb","itemListElement":[{"@type":"ListItem","position":1,"name":"Startseite","item":"https:\/\/the-challenge.ch\/fr\/"},{"@type":"ListItem","position":2,"name":"Suppl\u00e9ment-Masterplan"}]},{"@type":"WebSite","@id":"https:\/\/the-challenge.ch\/fr\/#website","url":"https:\/\/the-challenge.ch\/fr\/","name":"Track Cycling Challenge","description":"Leistungssport im dritten Lebensabschnitt","publisher":{"@id":"https:\/\/the-challenge.ch\/fr\/#organization"},"potentialAction":[{"@type":"SearchAction","target":{"@type":"EntryPoint","urlTemplate":"https:\/\/the-challenge.ch\/fr\/?s={search_term_string}"},"query-input":{"@type":"PropertyValueSpecification","valueRequired":true,"valueName":"search_term_string"}}],"inLanguage":"fr-FR"},{"@type":"Organization","@id":"https:\/\/the-challenge.ch\/fr\/#organization","name":"Track Cycling Challenge","url":"https:\/\/the-challenge.ch\/fr\/","logo":{"@type":"ImageObject","inLanguage":"fr-FR","@id":"https:\/\/the-challenge.ch\/fr\/#\/schema\/logo\/image\/","url":"https:\/\/the-challenge.ch\/wp-content\/uploads\/2023\/12\/TCC_1920.png","contentUrl":"https:\/\/the-challenge.ch\/wp-content\/uploads\/2023\/12\/TCC_1920.png","width":1920,"height":1567,"caption":"Track Cycling Challenge"},"image":{"@id":"https:\/\/the-challenge.ch\/fr\/#\/schema\/logo\/image\/"},"sameAs":["https:\/\/www.facebook.com\/beat.stebler.5","https:\/\/www.instagram.com\/beat.stebler\/"]},{"@type":"Person","@id":"https:\/\/the-challenge.ch\/fr\/#\/schema\/person\/ad3f1b82e5027ba312a97d835c07d80f","name":"Beat Stebler","image":{"@type":"ImageObject","inLanguage":"fr-FR","@id":"https:\/\/secure.gravatar.com\/avatar\/5c63de00ec2871a217959b28a8c5f72ada9f853e9910b4b22b850d35713a62d3?s=96&d=mm&r=g","url":"https:\/\/secure.gravatar.com\/avatar\/5c63de00ec2871a217959b28a8c5f72ada9f853e9910b4b22b850d35713a62d3?s=96&d=mm&r=g","contentUrl":"https:\/\/secure.gravatar.com\/avatar\/5c63de00ec2871a217959b28a8c5f72ada9f853e9910b4b22b850d35713a62d3?s=96&d=mm&r=g","caption":"Beat Stebler"},"sameAs":["http:\/\/www.fotostudio-stebler.ch"],"url":"https:\/\/the-challenge.ch\/fr\/author\/beat\/"}]}},"_links":{"self":[{"href":"https:\/\/the-challenge.ch\/fr\/wp-json\/wp\/v2\/posts\/1555","targetHints":{"allow":["GET"]}}],"collection":[{"href":"https:\/\/the-challenge.ch\/fr\/wp-json\/wp\/v2\/posts"}],"about":[{"href":"https:\/\/the-challenge.ch\/fr\/wp-json\/wp\/v2\/types\/post"}],"author":[{"embeddable":true,"href":"https:\/\/the-challenge.ch\/fr\/wp-json\/wp\/v2\/users\/2"}],"replies":[{"embeddable":true,"href":"https:\/\/the-challenge.ch\/fr\/wp-json\/wp\/v2\/comments?post=1555"}],"version-history":[{"count":3,"href":"https:\/\/the-challenge.ch\/fr\/wp-json\/wp\/v2\/posts\/1555\/revisions"}],"predecessor-version":[{"id":1566,"href":"https:\/\/the-challenge.ch\/fr\/wp-json\/wp\/v2\/posts\/1555\/revisions\/1566"}],"wp:featuredmedia":[{"embeddable":true,"href":"https:\/\/the-challenge.ch\/fr\/wp-json\/wp\/v2\/media\/1553"}],"wp:attachment":[{"href":"https:\/\/the-challenge.ch\/fr\/wp-json\/wp\/v2\/media?parent=1555"}],"wp:term":[{"taxonomy":"category","embeddable":true,"href":"https:\/\/the-challenge.ch\/fr\/wp-json\/wp\/v2\/categories?post=1555"},{"taxonomy":"post_tag","embeddable":true,"href":"https:\/\/the-challenge.ch\/fr\/wp-json\/wp\/v2\/tags?post=1555"}],"curies":[{"name":"wp","href":"https:\/\/api.w.org\/{rel}","templated":true}]}}